{"id":12645,"date":"2024-03-08T09:01:15","date_gmt":"2024-03-08T08:01:15","guid":{"rendered":"https:\/\/blog.prif.org\/zum-internationalen-frauentag-die-situation-von-frauen-in-afghanistan\/"},"modified":"2024-03-08T09:01:15","modified_gmt":"2024-03-08T08:01:15","slug":"zum-internationalen-frauentag-die-situation-von-frauen-in-afghanistan","status":"publish","type":"post","link":"https:\/\/blog.prif.org\/en\/2024\/03\/08\/zum-internationalen-frauentag-die-situation-von-frauen-in-afghanistan\/","title":{"rendered":"Zum Internationalen Frauentag: Die Situation von Frauen in Afghanistan"},"content":{"rendered":"<p><strong>Seit der Macht\u00fcbernahme der Taliban am 15. August 2021 hat sich die Situation von Frauen und M\u00e4dchen in Afghanistan dramatisch verschlechtert. Anl\u00e4sslich des Internationalen Frauentags haben die PRIF-Forscherinnen Dr. habil. Simone Wisotzki und Irem Demirci mit Dr. Alema Alema gesprochen, die in Afghanistan stellvertretende Friedensministerin war und heute als Afghanistan-Referentin bei Pro Asyl t\u00e4tig ist.<\/strong><\/p>\n<p><em>Wie erleben Sie die aktuelle Situation der Frauen in Afghanistan?<\/em><\/p>\n<p>Die aktuelle Situation von Frauen in Afghanistan ist furchtbar. Frauen sind fast vollst\u00e4ndig aus dem \u00f6ffentlichen Leben verdr\u00e4ngt, Millionen von M\u00e4dchen verlieren die Perspektive auf ein selbstbestimmtes Leben. Die Taliban haben inzwischen 61 Dekrete erlassen, die Frauen vollkommen entrechten. Die Liste dieser Entrechtungen von Frauen ist lang: Frauen d\u00fcrfen nicht reisen, keinen Sport treiben, keine Parks oder \u00f6ffentlichen B\u00e4der besuchen. Bildung, politische Teilhabe und freie Berufsaus\u00fcbung werden ihnen verwehrt. M\u00e4dchen d\u00fcrfen nur bis zur 7. Klasse zur Schule gehen, vielen von ihnen droht als Minderj\u00e4hrige die Zwangsheirat. Frauen und M\u00e4dchen m\u00fcssen brutale Strafen f\u00fcr vermeintlich \u201eunislamisches Verhalten\u201c f\u00fcrchten, wie beispielsweise Inhaftierung, sexuelle Misshandlung in der Haft und Auspeitschung.<\/p>\n<p>Friedliche Meinungs\u00e4u\u00dferungen werden nicht geduldet, Gewalt und Gewaltandrohung werden ungestraft eingesetzt, um die Bev\u00f6lkerung zu kontrollieren und zu vertreiben. Es gibt \u00f6ffentliche Hinrichtungen und Pr\u00fcgelstrafen durch die Taliban sowie glaubw\u00fcrdige Berichte \u00fcber au\u00dfergerichtliche Hinrichtungen, Verschwindenlassen und Folter auch von weiblichen Regimegegnern, die diskriminiert und ausgegrenzt werden. <a href=\"https:\/\/www.ohchr.org\/en\/press-releases\/2024\/02\/afghanistan-un-expert-calls-international-community-prioritise-human-rights\" target=\"_blank\" rel=\"noopener\">Die Taliban verletzen zunehmend die Rechte von Frauen und M\u00e4dchen und erzwingen eine strenge Kleiderordnung<\/a>.<\/p>\n<p>Inzwischen wird die Situation der Frauen mit dem Begriff \u201eGeschlechterapartheid\u201c zusammengefasst. Gemeint ist damit die institutionalisierte, systematische und weit verbreitete geschlechtsspezifische Diskriminierung. Frauen werden aufgrund ihres Geschlechts systematisch entrechtet und verfolgt. Dies best\u00e4tigt auch der <a href=\"https:\/\/view.officeapps.live.com\/op\/view.aspx?src=https%3A%2F%2Fwww.ohchr.org%2Fsites%2Fdefault%2Ffiles%2Fdocuments%2Fhrbodies%2Fhrcouncil%2Fsessions-regular%2Fsession53%2Fadvance-versions%2FA-HRC-53-21-AdvanceEditedVersion.docx&amp;wdOrigin=BROWSELINK\" target=\"_blank\" rel=\"noopener\">Expert*innenbericht der UN-Arbeitsgruppe zur Diskriminierung von Frauen<\/a>, der besagt: \u201eNirgendwo sonst auf der Welt gibt es einen so weitreichenden, systematischen und umfassenden Angriff auf die Rechte von Frauen und M\u00e4dchen wie in Afghanistan.\u201c<\/p>\n<p>Der Internationale Strafgerichtshof (IStGH) in Den Haag pr\u00fcft derzeit, ob die geschlechtsspezifische Verfolgung durch die Taliban als Verbrechen gegen die Menschlichkeit eingestuft und damit als Verbrechenstatbestand zur Anklage gebracht werden kann. Die afghanische Exilgruppe United Voice of Women for Peace <a href=\"https:\/\/www.proasyl.de\/wp-content\/uploads\/Erklaerung-von-UVoWfP_2-Jahre-Taliban_08.08.2023.pdf\" target=\"_blank\" rel=\"noopener\">begr\u00fc\u00dft diesen Vorschlag<\/a>: \u201eWir [\u2026] begr\u00fc\u00dfen diesen Schritt des Menschenrechtsrates und fordern den Internationalen Strafgerichtshof (IStGH) auf, Druck auf die Taliban auszu\u00fcben und sie zur Rechenschaft zu ziehen.\u201c<\/p>\n<p><em>Wie haben Sie die Macht\u00fcbernahme der Taliban erlebt?<\/em><\/p>\n<p>Die Macht\u00fcbernahme der Taliban wurde durch die Verhandlungen der USA im Rahmen des so genannten Doha-Abkommens eingeleitet. Es wurde fatalerweise geschlossen, ohne auf die Wahrung der etablierten Rechte und Freiheiten des afghanischen Volkes zu bestehen. Nach dem \u00fcberst\u00fcrzten R\u00fcckzug der westlichen Truppen entwickelte sich das Land innerhalb weniger Monate zum frauenfeindlichsten Land der Welt. Dabei hatte sich die damalige Regierung unter Pr\u00e4sident Aschraf Ghani noch nach Kr\u00e4ften bem\u00fcht, sich gegen diese verh\u00e4ngnisvolle Dynamik zu stemmen. Wahlen wurden durchgef\u00fchrt, eine Friedensroadmap entwickelt, in Afghanistan selbst fanden Friedens-Loya Jirga statt. In den internationalen Verhandlungsteams waren afghanische Frauen beteiligt, die aber nie direkt mit den Taliban verhandelten. Das Abkommen von Doha vom Februar 2020 zwischen den USA und den Taliban hat dazu beigetragen, dass 20 Jahre Engagement in Afghanistan zunichtegemacht wurden.<\/p>\n<p>Wir alle wissen, dass dies keine Ironie des Schicksals war, sondern ein kollektives Versagen aller Beteiligten! Der Versuch, die Ursachen des dschihadistischen Terrors durch den Aufbau einer rechtsstaatlichen, freiheitlichen und demokratischen Ordnung zu \u00fcberwinden, war damit gescheitert. Am Ende der westlichen Intervention und der Macht\u00fcbernahme der Taliban stand ein verheerendes Ergebnis, das f\u00fcr Millionen Afghan*innen ein Schrecken ohne Ende ist und bleibt. Der Prozess, der mit dem Sturz der Taliban-Diktatur begann, endete mit der R\u00fcckkehr der Taliban. Die Dynamik, die zu diesem Ergebnis f\u00fchrte, war \u00fcber Jahre hinweg durch eine Reihe von politischen Fehlern gekennzeichnet. Das Abkommen von Doha war ein Abkommen ausschlie\u00dflich zwischen den Taliban und den USA und in Wirklichkeit eine Art R\u00fcckzugsabkommen f\u00fcr die ausl\u00e4ndischen Truppen aus Afghanistan. Besonders unverst\u00e4ndlich bleibt, warum das Abkommen nicht an Bedingungen gekn\u00fcpft wurde, um die fortschrittlichen Errungenschaften der letzten 20 Jahre zu erhalten.<\/p>\n<p>Am Tag der Macht\u00fcbernahme durch die Taliban war ich selbst im Friedensministerium und h\u00f6rte Sch\u00fcsse. Alle gerieten in Panik und wir haben das Ministerium verlassen. Zu Hause erfuhr ich aus den Medien, dass die Taliban den Pr\u00e4sidentenpalast eingenommen hatten. Mitarbeiter*innen des BMZ und auch von der deutschen Botschaft kontaktierten mich und boten die rasche Evakuierung nach Deutschland an.<\/p>\n<p><em>Sie waren stellvertretende Friedensministerin in Afghanistan. Was waren die Schwerpunkte Ihrer Arbeit?<\/em><\/p>\n<p>Im Jahr 2019 wurde das Friedensministerium eingerichtet. Im September 2020 wurde im Friedensministerium das neue Amt des Vizepr\u00e4sidenten f\u00fcr Menschenrechte und Zivilgesellschaft geschaffen, das ich \u00fcbernommen habe. Um eine sinnvolle und aktive Beteiligung der Zivilgesellschaft zu erm\u00f6glichen, Menschenrechte zu verteidigen und die Stimme des Volkes, insbesondere der Frauen, in Friedensverhandlungen einzubringen, habe ich verschiedene Institutionen geschaffen, unter anderem die United Voice of Women for Peace (UVoWP), das Beratungs- und Koordinationsgremium Zivilgesellschaftliche Institutionen f\u00fcr den Frieden sowie das Nationales Komitee der Kriegsopfer. Die Kampagne der afghanischen Frauen zur Verteidigung der Republik wurde landesweit gestartet und mit der Verabschiedung einer Resolution abgeschlossen.<\/p>\n<p><em>Was bedeutet feministische Au\u00dfenpolitik f\u00fcr Sie? Was sind Ihre Erwartungen an eine deutsche feministische Au\u00dfenpolitik?<\/em><\/p>\n<p>Feministische Au\u00dfenpolitik bedeutet f\u00fcr mich, sich f\u00fcr globalen Frieden und Sicherheit einzusetzen. Es muss darum gehen, den Dialog statt Krieg zu unterst\u00fctzen und sich entschieden gegen Militarismus einzusetzen. Feministische Politik muss nach innen und au\u00dfen wirken.<\/p>\n<p>In Bezug auf Afghanistan und insbesondere afghanische Frauen erwarten wir, die Regierung der Taliban nicht anzuerkennen. Die humanit\u00e4re Hilfe, die das afghanische Volk dringend braucht, darf nicht dazu f\u00fchren, die Taliban zu legitimieren oder zu unterst\u00fctzen. Den Mitgliedern der Talibanregierung darf keine Reisefreiheit gew\u00e4hrt werden, solange sie nicht die Einhaltung der Menschenrechte garantieren. Deutschland muss sich f\u00fcr die f\u00fcr die Anerkennung der Geschlechterparit\u00e4t in Afghanistan einsetzen. Aber es geht auch darum, bedrohten und von der Talibanregierung verfolgten Menschen aus Afghanistan Aufnahme und Schutz zu gew\u00e4hren. Afghanische Frauen m\u00fcssen in Deutschland als Fl\u00fcchtlinge anerkannt werden.<\/p>\n<p><em>Wie engagieren Sie sich konkret bei Pro Asyl f\u00fcr Frauen und Frauenmenschenrechte?<\/em><\/p>\n<p>Ich bin Ansprechpartnerin f\u00fcr Anfragen zu Afghanistan und Referentin bei Pro Asyl. Hier unterst\u00fctze ich bei der Vernetzung der Exil-Community, insbesondere von Frauenrechtsaktivist*innen aus Afghanistan. Nach wie vor geht es uns darum, die Ortskr\u00e4fte, ihre Angeh\u00f6rigen oder auch Frauenrechtsaktivist*innen aus Afghanistan zu sch\u00fctzen. Die Bundesregierung hatte sich dazu verpflichtet. Viele Frauenrechts- und Menschenrechtsaktivist*innen sind in die Nachbarl\u00e4nder in den Iran und nach Pakistan geflohen. Dort erleben sie viele Schikanen, angefangen von willk\u00fcrlichen Verhaftungen und Verh\u00f6ren, aber auch Abschiebungen. Die Situation in Pakistan hat sich k\u00fcrzlich zugespitzt, nachdem die dortige Regierung beschlossen hat, alle afghanischen Fl\u00fcchtlinge ohne Aufenthaltsrechte zur\u00fcck nach Afghanistan zu schicken. Au\u00dferdem organisiere ich Ortskr\u00e4ftekongresse, bin Referentin auf Tagungen, gebe Interviews zur Situation in Afghanistan und bin selbst Wissenschaftlerin und Autorin. Ich versuche alles, damit die Situation der Menschen aber im Besonderen auch der Frauen und M\u00e4dchen in Afghanistan nicht in Vergessenheit ger\u00e4t.<\/p>\n<p><em>Das Interview f\u00fchrten Irem Demirci &amp; Dr. habil. Simone Wisotzki<\/em><\/p>\n<p>&nbsp;<\/p>\n","protected":false},"excerpt":{"rendered":"<p>Seit der Macht\u00fcbernahme der Taliban am 15. August 2021 hat sich die Situation von Frauen und M\u00e4dchen in Afghanistan dramatisch verschlechtert. Anl\u00e4sslich des Internationalen Frauentags haben die PRIF-Forscherinnen Dr. habil. Simone Wisotzki und Irem Demirci mit Dr. Alema Alema gesprochen, die in Afghanistan stellvertretende Friedensministerin war und heute als Afghanistan-Referentin bei Pro Asyl t\u00e4tig ist.<\/p>\n","protected":false},"author":345,"featured_media":12447,"comment_status":"closed","ping_status":"closed","sticky":false,"template":"","format":"standard","meta":{"_acf_changed":false,"footnotes":""},"categories":[1141,1091],"tags":[1120,1177,1208,1209,1178],"coauthors":[213,989,990],"class_list":["post-12645","post","type-post","status-publish","format-standard","has-post-thumbnail","hentry","category-deutsch-en","category-feminist-peace-research","tag-afghanistan-en","tag-feminism","tag-feminist-foreign-policy","tag-gender-en","tag-human-rights"],"acf":[],"views":393,"yoast_head":"<!-- This site is optimized with the Yoast SEO plugin v26.1.1 - https:\/\/yoast.com\/wordpress\/plugins\/seo\/ -->\n<title>Zum Internationalen Frauentag: Die Situation von Frauen in Afghanistan - PRIF BLOG<\/title>\n<meta name=\"robots\" content=\"index, follow, max-snippet:-1, max-image-preview:large, max-video-preview:-1\" \/>\n<link rel=\"canonical\" href=\"https:\/\/blog.prif.org\/en\/2024\/03\/08\/zum-internationalen-frauentag-die-situation-von-frauen-in-afghanistan\/\" \/>\n<meta property=\"og:locale\" content=\"en_US\" \/>\n<meta property=\"og:type\" content=\"article\" \/>\n<meta property=\"og:title\" content=\"Zum Internationalen Frauentag: Die Situation von Frauen in Afghanistan - PRIF BLOG\" \/>\n<meta property=\"og:description\" content=\"Seit der Macht\u00fcbernahme der Taliban am 15. August 2021 hat sich die Situation von Frauen und M\u00e4dchen in Afghanistan dramatisch verschlechtert. Anl\u00e4sslich des Internationalen Frauentags haben die PRIF-Forscherinnen Dr. habil. Simone Wisotzki und Irem Demirci mit Dr. Alema Alema gesprochen, die in Afghanistan stellvertretende Friedensministerin war und heute als Afghanistan-Referentin bei Pro Asyl t\u00e4tig ist.\" \/>\n<meta property=\"og:url\" content=\"https:\/\/blog.prif.org\/en\/2024\/03\/08\/zum-internationalen-frauentag-die-situation-von-frauen-in-afghanistan\/\" \/>\n<meta property=\"og:site_name\" content=\"PRIF BLOG\" \/>\n<meta property=\"article:publisher\" content=\"https:\/\/www.facebook.com\/HSFK.PRIF\" \/>\n<meta property=\"article:published_time\" content=\"2024-03-08T08:01:15+00:00\" \/>\n<meta property=\"og:image\" content=\"https:\/\/blog.prif.org\/wp-content\/uploads\/2024\/03\/15698343167_e309cd9440_kZuschnitt.jpg\" \/>\n\t<meta property=\"og:image:width\" content=\"1875\" \/>\n\t<meta property=\"og:image:height\" content=\"1026\" \/>\n\t<meta property=\"og:image:type\" content=\"image\/jpeg\" \/>\n<meta name=\"author\" content=\"Simone Wisotzki, Alema Alema, Irem Demirci\" \/>\n<meta name=\"twitter:card\" content=\"summary_large_image\" \/>\n<meta name=\"twitter:creator\" content=\"@HSFK_PRIF\" \/>\n<meta name=\"twitter:site\" content=\"@HSFK_PRIF\" \/>\n<meta name=\"twitter:label1\" content=\"Written by\" \/>\n\t<meta name=\"twitter:data1\" content=\"Simone Wisotzki, Alema Alema, Irem Demirci\" \/>\n\t<meta name=\"twitter:label2\" content=\"Est. reading time\" \/>\n\t<meta name=\"twitter:data2\" content=\"7 minutes\" \/>\n<script type=\"application\/ld+json\" class=\"yoast-schema-graph\">{\"@context\":\"https:\/\/schema.org\",\"@graph\":[{\"@type\":\"Article\",\"@id\":\"https:\/\/blog.prif.org\/en\/2024\/03\/08\/zum-internationalen-frauentag-die-situation-von-frauen-in-afghanistan\/#article\",\"isPartOf\":{\"@id\":\"https:\/\/blog.prif.org\/en\/2024\/03\/08\/zum-internationalen-frauentag-die-situation-von-frauen-in-afghanistan\/\"},\"author\":{\"name\":\"Alema Alema\",\"@id\":\"https:\/\/blog.prif.org\/en\/#\/schema\/person\/449f49ee8c8787281fbd731d0ed69c96\"},\"headline\":\"Zum Internationalen Frauentag: Die Situation von Frauen in Afghanistan\",\"datePublished\":\"2024-03-08T08:01:15+00:00\",\"mainEntityOfPage\":{\"@id\":\"https:\/\/blog.prif.org\/en\/2024\/03\/08\/zum-internationalen-frauentag-die-situation-von-frauen-in-afghanistan\/\"},\"wordCount\":1227,\"publisher\":{\"@id\":\"https:\/\/blog.prif.org\/en\/#organization\"},\"image\":{\"@id\":\"https:\/\/blog.prif.org\/en\/2024\/03\/08\/zum-internationalen-frauentag-die-situation-von-frauen-in-afghanistan\/#primaryimage\"},\"thumbnailUrl\":\"https:\/\/blog.prif.org\/wp-content\/uploads\/2024\/03\/15698343167_e309cd9440_kZuschnitt.jpg\",\"keywords\":[\"Afghanistan\",\"Feminism\",\"Feminist Foreign Policy\",\"Gender\",\"Human Rights\"],\"articleSection\":[\"Deutsch\",\"Feminist Peace Research\"],\"inLanguage\":\"en-US\"},{\"@type\":\"WebPage\",\"@id\":\"https:\/\/blog.prif.org\/en\/2024\/03\/08\/zum-internationalen-frauentag-die-situation-von-frauen-in-afghanistan\/\",\"url\":\"https:\/\/blog.prif.org\/en\/2024\/03\/08\/zum-internationalen-frauentag-die-situation-von-frauen-in-afghanistan\/\",\"name\":\"Zum Internationalen Frauentag: Die Situation von Frauen in Afghanistan - PRIF BLOG\",\"isPartOf\":{\"@id\":\"https:\/\/blog.prif.org\/en\/#website\"},\"primaryImageOfPage\":{\"@id\":\"https:\/\/blog.prif.org\/en\/2024\/03\/08\/zum-internationalen-frauentag-die-situation-von-frauen-in-afghanistan\/#primaryimage\"},\"image\":{\"@id\":\"https:\/\/blog.prif.org\/en\/2024\/03\/08\/zum-internationalen-frauentag-die-situation-von-frauen-in-afghanistan\/#primaryimage\"},\"thumbnailUrl\":\"https:\/\/blog.prif.org\/wp-content\/uploads\/2024\/03\/15698343167_e309cd9440_kZuschnitt.jpg\",\"datePublished\":\"2024-03-08T08:01:15+00:00\",\"breadcrumb\":{\"@id\":\"https:\/\/blog.prif.org\/en\/2024\/03\/08\/zum-internationalen-frauentag-die-situation-von-frauen-in-afghanistan\/#breadcrumb\"},\"inLanguage\":\"en-US\",\"potentialAction\":[{\"@type\":\"ReadAction\",\"target\":[\"https:\/\/blog.prif.org\/en\/2024\/03\/08\/zum-internationalen-frauentag-die-situation-von-frauen-in-afghanistan\/\"]}]},{\"@type\":\"ImageObject\",\"inLanguage\":\"en-US\",\"@id\":\"https:\/\/blog.prif.org\/en\/2024\/03\/08\/zum-internationalen-frauentag-die-situation-von-frauen-in-afghanistan\/#primaryimage\",\"url\":\"https:\/\/blog.prif.org\/wp-content\/uploads\/2024\/03\/15698343167_e309cd9440_kZuschnitt.jpg\",\"contentUrl\":\"https:\/\/blog.prif.org\/wp-content\/uploads\/2024\/03\/15698343167_e309cd9440_kZuschnitt.jpg\",\"width\":1875,\"height\":1026,\"caption\":\"Oktober 2014: Die Veranstaltung ART IN THE PARK in Kabul feiert die freie Meinungs\u00e4u\u00dferung von Frauen. Heute sind die Menschenrechte von Frauen dramatisch beschnitten. | Foto: Canada in Afghanistan via flickr | CC BY-NC-ND 2.0\"},{\"@type\":\"BreadcrumbList\",\"@id\":\"https:\/\/blog.prif.org\/en\/2024\/03\/08\/zum-internationalen-frauentag-die-situation-von-frauen-in-afghanistan\/#breadcrumb\",\"itemListElement\":[{\"@type\":\"ListItem\",\"position\":1,\"name\":\"Startseite\",\"item\":\"https:\/\/blog.prif.org\/en\/\"},{\"@type\":\"ListItem\",\"position\":2,\"name\":\"Zum Internationalen Frauentag: Die Situation von Frauen in Afghanistan\"}]},{\"@type\":\"WebSite\",\"@id\":\"https:\/\/blog.prif.org\/en\/#website\",\"url\":\"https:\/\/blog.prif.org\/en\/\",\"name\":\"PRIF BLOG\",\"description\":\"Peace Research Institute Frankfurt \/ Leibniz Institut Hessische Stiftung Friedens- und Konfliktforschung\",\"publisher\":{\"@id\":\"https:\/\/blog.prif.org\/en\/#organization\"},\"potentialAction\":[{\"@type\":\"SearchAction\",\"target\":{\"@type\":\"EntryPoint\",\"urlTemplate\":\"https:\/\/blog.prif.org\/en\/?s={search_term_string}\"},\"query-input\":{\"@type\":\"PropertyValueSpecification\",\"valueRequired\":true,\"valueName\":\"search_term_string\"}}],\"inLanguage\":\"en-US\"},{\"@type\":\"Organization\",\"@id\":\"https:\/\/blog.prif.org\/en\/#organization\",\"name\":\"Peace Research Institute Frankfurt \/ Leibniz Institut Hessische Stiftung Friedens- und Konfliktforschung\",\"url\":\"https:\/\/blog.prif.org\/en\/\",\"logo\":{\"@type\":\"ImageObject\",\"inLanguage\":\"en-US\",\"@id\":\"https:\/\/blog.prif.org\/en\/#\/schema\/logo\/image\/\",\"url\":\"https:\/\/blog.prif.org\/wp-content\/uploads\/2023\/09\/cropped-blog_rgb.png\",\"contentUrl\":\"https:\/\/blog.prif.org\/wp-content\/uploads\/2023\/09\/cropped-blog_rgb.png\",\"width\":750,\"height\":226,\"caption\":\"Peace Research Institute Frankfurt \/ Leibniz Institut Hessische Stiftung Friedens- und Konfliktforschung\"},\"image\":{\"@id\":\"https:\/\/blog.prif.org\/en\/#\/schema\/logo\/image\/\"},\"sameAs\":[\"https:\/\/www.facebook.com\/HSFK.PRIF\",\"https:\/\/x.com\/HSFK_PRIF\",\"https:\/\/www.linkedin.com\/company\/8912786\/\"]},{\"@type\":\"Person\",\"@id\":\"https:\/\/blog.prif.org\/en\/#\/schema\/person\/449f49ee8c8787281fbd731d0ed69c96\",\"name\":\"Alema Alema\",\"description\":\"Dr. Alema Alema ist eine afghanische Sozialwissenschaftlerin und Philosophin. Sie war stellvertretende Friedensministerin in Afghanistan. Dr. Alema verf\u00fcgt \u00fcber mehr als drei\u00dfig Jahre Berufserfahrung in den Bereichen Konfliktanalyse, Entwicklung und Projektmanagement in Konflikt- und Postkonfliktsituationen. Sie ist Autorin von Publikationen zu den deutsch-afghanischen Au\u00dfenbeziehungen und zur St\u00e4rkung der Rolle der Frau in Afghanistan. Seit Januar 2022 ist sie Afghanistan-Referentin der Menschenrechtsorganisation Pro Asyl.\",\"url\":\"https:\/\/blog.prif.org\/en\/author\/aalema\/\"}]}<\/script>\n<!-- \/ Yoast SEO plugin. -->","yoast_head_json":{"title":"Zum Internationalen Frauentag: Die Situation von Frauen in Afghanistan - PRIF BLOG","robots":{"index":"index","follow":"follow","max-snippet":"max-snippet:-1","max-image-preview":"max-image-preview:large","max-video-preview":"max-video-preview:-1"},"canonical":"https:\/\/blog.prif.org\/en\/2024\/03\/08\/zum-internationalen-frauentag-die-situation-von-frauen-in-afghanistan\/","og_locale":"en_US","og_type":"article","og_title":"Zum Internationalen Frauentag: Die Situation von Frauen in Afghanistan - PRIF BLOG","og_description":"Seit der Macht\u00fcbernahme der Taliban am 15. August 2021 hat sich die Situation von Frauen und M\u00e4dchen in Afghanistan dramatisch verschlechtert. Anl\u00e4sslich des Internationalen Frauentags haben die PRIF-Forscherinnen Dr. habil. Simone Wisotzki und Irem Demirci mit Dr. Alema Alema gesprochen, die in Afghanistan stellvertretende Friedensministerin war und heute als Afghanistan-Referentin bei Pro Asyl t\u00e4tig ist.","og_url":"https:\/\/blog.prif.org\/en\/2024\/03\/08\/zum-internationalen-frauentag-die-situation-von-frauen-in-afghanistan\/","og_site_name":"PRIF BLOG","article_publisher":"https:\/\/www.facebook.com\/HSFK.PRIF","article_published_time":"2024-03-08T08:01:15+00:00","og_image":[{"width":1875,"height":1026,"url":"https:\/\/blog.prif.org\/wp-content\/uploads\/2024\/03\/15698343167_e309cd9440_kZuschnitt.jpg","type":"image\/jpeg"}],"author":"Simone Wisotzki, Alema Alema, Irem Demirci","twitter_card":"summary_large_image","twitter_creator":"@HSFK_PRIF","twitter_site":"@HSFK_PRIF","twitter_misc":{"Written by":"Simone Wisotzki, Alema Alema, Irem Demirci","Est. reading time":"7 minutes"},"schema":{"@context":"https:\/\/schema.org","@graph":[{"@type":"Article","@id":"https:\/\/blog.prif.org\/en\/2024\/03\/08\/zum-internationalen-frauentag-die-situation-von-frauen-in-afghanistan\/#article","isPartOf":{"@id":"https:\/\/blog.prif.org\/en\/2024\/03\/08\/zum-internationalen-frauentag-die-situation-von-frauen-in-afghanistan\/"},"author":{"name":"Alema Alema","@id":"https:\/\/blog.prif.org\/en\/#\/schema\/person\/449f49ee8c8787281fbd731d0ed69c96"},"headline":"Zum Internationalen Frauentag: Die Situation von Frauen in Afghanistan","datePublished":"2024-03-08T08:01:15+00:00","mainEntityOfPage":{"@id":"https:\/\/blog.prif.org\/en\/2024\/03\/08\/zum-internationalen-frauentag-die-situation-von-frauen-in-afghanistan\/"},"wordCount":1227,"publisher":{"@id":"https:\/\/blog.prif.org\/en\/#organization"},"image":{"@id":"https:\/\/blog.prif.org\/en\/2024\/03\/08\/zum-internationalen-frauentag-die-situation-von-frauen-in-afghanistan\/#primaryimage"},"thumbnailUrl":"https:\/\/blog.prif.org\/wp-content\/uploads\/2024\/03\/15698343167_e309cd9440_kZuschnitt.jpg","keywords":["Afghanistan","Feminism","Feminist Foreign Policy","Gender","Human Rights"],"articleSection":["Deutsch","Feminist Peace Research"],"inLanguage":"en-US"},{"@type":"WebPage","@id":"https:\/\/blog.prif.org\/en\/2024\/03\/08\/zum-internationalen-frauentag-die-situation-von-frauen-in-afghanistan\/","url":"https:\/\/blog.prif.org\/en\/2024\/03\/08\/zum-internationalen-frauentag-die-situation-von-frauen-in-afghanistan\/","name":"Zum Internationalen Frauentag: Die Situation von Frauen in Afghanistan - PRIF BLOG","isPartOf":{"@id":"https:\/\/blog.prif.org\/en\/#website"},"primaryImageOfPage":{"@id":"https:\/\/blog.prif.org\/en\/2024\/03\/08\/zum-internationalen-frauentag-die-situation-von-frauen-in-afghanistan\/#primaryimage"},"image":{"@id":"https:\/\/blog.prif.org\/en\/2024\/03\/08\/zum-internationalen-frauentag-die-situation-von-frauen-in-afghanistan\/#primaryimage"},"thumbnailUrl":"https:\/\/blog.prif.org\/wp-content\/uploads\/2024\/03\/15698343167_e309cd9440_kZuschnitt.jpg","datePublished":"2024-03-08T08:01:15+00:00","breadcrumb":{"@id":"https:\/\/blog.prif.org\/en\/2024\/03\/08\/zum-internationalen-frauentag-die-situation-von-frauen-in-afghanistan\/#breadcrumb"},"inLanguage":"en-US","potentialAction":[{"@type":"ReadAction","target":["https:\/\/blog.prif.org\/en\/2024\/03\/08\/zum-internationalen-frauentag-die-situation-von-frauen-in-afghanistan\/"]}]},{"@type":"ImageObject","inLanguage":"en-US","@id":"https:\/\/blog.prif.org\/en\/2024\/03\/08\/zum-internationalen-frauentag-die-situation-von-frauen-in-afghanistan\/#primaryimage","url":"https:\/\/blog.prif.org\/wp-content\/uploads\/2024\/03\/15698343167_e309cd9440_kZuschnitt.jpg","contentUrl":"https:\/\/blog.prif.org\/wp-content\/uploads\/2024\/03\/15698343167_e309cd9440_kZuschnitt.jpg","width":1875,"height":1026,"caption":"Oktober 2014: Die Veranstaltung ART IN THE PARK in Kabul feiert die freie Meinungs\u00e4u\u00dferung von Frauen. Heute sind die Menschenrechte von Frauen dramatisch beschnitten. | Foto: Canada in Afghanistan via flickr | CC BY-NC-ND 2.0"},{"@type":"BreadcrumbList","@id":"https:\/\/blog.prif.org\/en\/2024\/03\/08\/zum-internationalen-frauentag-die-situation-von-frauen-in-afghanistan\/#breadcrumb","itemListElement":[{"@type":"ListItem","position":1,"name":"Startseite","item":"https:\/\/blog.prif.org\/en\/"},{"@type":"ListItem","position":2,"name":"Zum Internationalen Frauentag: Die Situation von Frauen in Afghanistan"}]},{"@type":"WebSite","@id":"https:\/\/blog.prif.org\/en\/#website","url":"https:\/\/blog.prif.org\/en\/","name":"PRIF BLOG","description":"Peace Research Institute Frankfurt \/ Leibniz Institut Hessische Stiftung Friedens- und Konfliktforschung","publisher":{"@id":"https:\/\/blog.prif.org\/en\/#organization"},"potentialAction":[{"@type":"SearchAction","target":{"@type":"EntryPoint","urlTemplate":"https:\/\/blog.prif.org\/en\/?s={search_term_string}"},"query-input":{"@type":"PropertyValueSpecification","valueRequired":true,"valueName":"search_term_string"}}],"inLanguage":"en-US"},{"@type":"Organization","@id":"https:\/\/blog.prif.org\/en\/#organization","name":"Peace Research Institute Frankfurt \/ Leibniz Institut Hessische Stiftung Friedens- und Konfliktforschung","url":"https:\/\/blog.prif.org\/en\/","logo":{"@type":"ImageObject","inLanguage":"en-US","@id":"https:\/\/blog.prif.org\/en\/#\/schema\/logo\/image\/","url":"https:\/\/blog.prif.org\/wp-content\/uploads\/2023\/09\/cropped-blog_rgb.png","contentUrl":"https:\/\/blog.prif.org\/wp-content\/uploads\/2023\/09\/cropped-blog_rgb.png","width":750,"height":226,"caption":"Peace Research Institute Frankfurt \/ Leibniz Institut Hessische Stiftung Friedens- und Konfliktforschung"},"image":{"@id":"https:\/\/blog.prif.org\/en\/#\/schema\/logo\/image\/"},"sameAs":["https:\/\/www.facebook.com\/HSFK.PRIF","https:\/\/x.com\/HSFK_PRIF","https:\/\/www.linkedin.com\/company\/8912786\/"]},{"@type":"Person","@id":"https:\/\/blog.prif.org\/en\/#\/schema\/person\/449f49ee8c8787281fbd731d0ed69c96","name":"Alema Alema","description":"Dr. Alema Alema ist eine afghanische Sozialwissenschaftlerin und Philosophin. Sie war stellvertretende Friedensministerin in Afghanistan. Dr. Alema verf\u00fcgt \u00fcber mehr als drei\u00dfig Jahre Berufserfahrung in den Bereichen Konfliktanalyse, Entwicklung und Projektmanagement in Konflikt- und Postkonfliktsituationen. Sie ist Autorin von Publikationen zu den deutsch-afghanischen Au\u00dfenbeziehungen und zur St\u00e4rkung der Rolle der Frau in Afghanistan. Seit Januar 2022 ist sie Afghanistan-Referentin der Menschenrechtsorganisation Pro Asyl.","url":"https:\/\/blog.prif.org\/en\/author\/aalema\/"}]}},"_links":{"self":[{"href":"https:\/\/blog.prif.org\/en\/wp-json\/wp\/v2\/posts\/12645","targetHints":{"allow":["GET"]}}],"collection":[{"href":"https:\/\/blog.prif.org\/en\/wp-json\/wp\/v2\/posts"}],"about":[{"href":"https:\/\/blog.prif.org\/en\/wp-json\/wp\/v2\/types\/post"}],"author":[{"embeddable":true,"href":"https:\/\/blog.prif.org\/en\/wp-json\/wp\/v2\/users\/345"}],"replies":[{"embeddable":true,"href":"https:\/\/blog.prif.org\/en\/wp-json\/wp\/v2\/comments?post=12645"}],"version-history":[{"count":0,"href":"https:\/\/blog.prif.org\/en\/wp-json\/wp\/v2\/posts\/12645\/revisions"}],"wp:featuredmedia":[{"embeddable":true,"href":"https:\/\/blog.prif.org\/en\/wp-json\/wp\/v2\/media\/12447"}],"wp:attachment":[{"href":"https:\/\/blog.prif.org\/en\/wp-json\/wp\/v2\/media?parent=12645"}],"wp:term":[{"taxonomy":"category","embeddable":true,"href":"https:\/\/blog.prif.org\/en\/wp-json\/wp\/v2\/categories?post=12645"},{"taxonomy":"post_tag","embeddable":true,"href":"https:\/\/blog.prif.org\/en\/wp-json\/wp\/v2\/tags?post=12645"},{"taxonomy":"author","embeddable":true,"href":"https:\/\/blog.prif.org\/en\/wp-json\/wp\/v2\/coauthors?post=12645"}],"curies":[{"name":"wp","href":"https:\/\/api.w.org\/{rel}","templated":true}]}}